[{"@context":"https:\/\/schema.org\/","@type":"Article","@id":"https:\/\/www.1cory.cz\/nechat-se-ostrihat-a-jeste-se-pobavit-v-barber-shopu-v-kladne\/#Article","mainEntityOfPage":"https:\/\/www.1cory.cz\/nechat-se-ostrihat-a-jeste-se-pobavit-v-barber-shopu-v-kladne\/","headline":"Nechat se ost\u0159\u00edhat a je\u0161t\u011b se pobavit v barber shopu v Kladn\u011b","name":"Nechat se ost\u0159\u00edhat a je\u0161t\u011b se pobavit v barber shopu v Kladn\u011b","description":"\u0158ad\u00edte se ke komunikativn\u00edm lidem, kte\u0159\u00ed r\u00e1di chod\u00ed do dobr\u00e9 spole\u010dnosti a nevyhovuje jim samota? N\u011bkdy je kontakt s ciz\u00edm \u010dlov\u011bkem natolik z\u00e1bavn\u00fd a p\u0159\u00edjemn\u00fd, \u017ee mu d\u00e1me p\u0159ednost p\u0159ed hmotn\u00fdm majetkem, ostatn\u011b proto maj\u00ed tak\u00e9 velk\u00fd \u00fasp\u011bch z\u00e1\u017eitkov\u00e9 dary, kdy lid\u00e9 obdr\u017e\u00ed pod v\u00e1no\u010dn\u00ed stromek nap\u0159\u00edklad let horkovzdu\u0161n\u00fdm bal\u00f3nem, anebo z\u00edskaj\u00ed pr\u00e9miov\u00e9 vstupn\u00e9 do mas\u00e9rsk\u00e9ho sal\u00f3nu. \u0158\u00edk\u00e1 se, \u017ee po smrti ka\u017ed\u00e1 nesmrteln\u00e1 du\u0161e znovu pro\u017e\u00edv\u00e1 sv\u016fj \u017eivot a navazuje na n\u011bj v dal\u0161\u00ed inkarnaci a pr\u00e1v\u011b pro\u017eitky jsou to jedin\u00e9, co si odtud odn\u00e1\u0161\u00ed. Zanech\u00e1 po sob\u011b nejen sv\u00e9 hmotn\u00e9 t\u011blo, ale i prost\u0159ed\u00ed a samoz\u0159ejm\u011b sv\u016fj nahromad\u011bn\u00fd majetek. Moud\u0159\u00ed lid\u00e9 si to uv\u011bdomuj\u00ed a proto se tak\u00e9 podle tohoto kl\u00ed\u010de sna\u017e\u00ed \u017e\u00edt. Jist\u011b, \u017ee pot\u0159ebujeme auta, n\u00e1bytek, elektroniku a chladni\u010dky, ale nem\u011bli bychom na nich lp\u011bt a m\u011bli bychom je vyu\u017e\u00edvat pro skv\u011bl\u00fd du\u0161evn\u00ed pocit. V podobn\u00e9m duchu se to m\u016f\u017ee odv\u00edjet i ve vztahu k na\u0161emu zevn\u011bj\u0161ku. Jestli\u017ee pot\u0159ebujete zkr\u00e1tit vlasy a vytvo\u0159it sest\u0159ih, co v\u00e1m bude d\u011blat radost, bude to sv\u00fdm zp\u016fsobem z\u00e1\u017eitek, po kter\u00e9m tou\u017e\u00edte, a m\u016f\u017ee v\u00e1m jej do punt\u00edku vyplnit barber shop v Kladn\u011b. Zn\u00e1te to tam? Sal\u00f3n naleznete na konci \u2013 ve spodn\u00ed \u010d\u00e1sti p\u011b\u0161\u00ed z\u00f3ny na ulici T. G. Masaryka nad n\u00e1m\u011bst\u00edm Starosty Pavla a pr\u00e1v\u011b tam si m\u016f\u017eete vyplnit v\u00e1\u0161 skv\u011bl\u00fd z\u00e1\u017eitek nejen z pohledu na novou vlasovou faz\u00f3nu, ale i z pocitu v pr\u016fb\u011bhu profesion\u00e1ln\u00edho \u00fakonu. Barber se v\u00e1s bude dot\u00fdkat na vlasat\u00e9 \u010d\u00e1sti hlavy, co\u017e je samo o sob\u011b p\u0159\u00edjemn\u00e9, a bude-li vhodn\u00e1 p\u0159\u00edle\u017eitost, m\u016f\u017eete se spolu d\u00e1t do \u0159e\u010di t\u0159eba na t\u00e9ma, kam letos na dovolenou. Mo\u017en\u00e1 si vym\u011bn\u00edte zku\u0161enosti, kde jste byli naposledy, zda u mo\u0159e nebo na hor\u00e1ch, kde dob\u0159e va\u0159\u00ed, kde je solidn\u00ed ubytov\u00e1n\u00ed, kam nep\u00e1chne moc lid\u00ed a kde je klid. Z barber shopu v Kladn\u011b si zkr\u00e1tka m\u016f\u017eete odn\u00e9st v\u00edce pro\u017eitk\u016f a to za n\u00e1v\u0161t\u011bvu takov\u00e9ho sal\u00f3nu ur\u010dit\u011b stoj\u00ed. 4.7\/5 - (3 votes)","datePublished":"2025-07-08","dateModified":"2025-07-08","author":{"@type":"Person","@id":"https:\/\/www.1cory.cz\/author\/#Person","name":"","url":"https:\/\/www.1cory.cz\/author\/","identifier":1,"image":{"@type":"ImageObject","@id":"https:\/\/secure.gravatar.com\/avatar\/7b822bed19dfbc78d1cf42b3649cc2489d12c54b7aef64ae719c01ed9f13d563?s=96&d=mm&r=g","url":"https:\/\/secure.gravatar.com\/avatar\/7b822bed19dfbc78d1cf42b3649cc2489d12c54b7aef64ae719c01ed9f13d563?s=96&d=mm&r=g","height":96,"width":96}},"publisher":{"@type":"Organization","name":"1cory.cz","logo":{"@type":"ImageObject","@id":"\/logo.png","url":"\/logo.png","width":600,"height":60}},"image":{"@type":"ImageObject","@id":"https:\/\/www.1cory.cz\/wp-content\/uploads\/hair-2258293_640_2.jpg","url":"https:\/\/www.1cory.cz\/wp-content\/uploads\/hair-2258293_640_2.jpg","height":0,"width":0},"url":"https:\/\/www.1cory.cz\/nechat-se-ostrihat-a-jeste-se-pobavit-v-barber-shopu-v-kladne\/","about":["Business"],"wordCount":424,"articleBody":"      \u0158ad\u00edte se ke komunikativn\u00edm lidem, kte\u0159\u00ed r\u00e1di chod\u00ed do dobr\u00e9 spole\u010dnosti a nevyhovuje jim samota? N\u011bkdy je kontakt s ciz\u00edm \u010dlov\u011bkem natolik z\u00e1bavn\u00fd a p\u0159\u00edjemn\u00fd, \u017ee mu d\u00e1me p\u0159ednost p\u0159ed hmotn\u00fdm majetkem, ostatn\u011b proto maj\u00ed tak\u00e9 velk\u00fd \u00fasp\u011bch z\u00e1\u017eitkov\u00e9 dary, kdy lid\u00e9 obdr\u017e\u00ed pod v\u00e1no\u010dn\u00ed stromek nap\u0159\u00edklad let horkovzdu\u0161n\u00fdm bal\u00f3nem, anebo z\u00edskaj\u00ed pr\u00e9miov\u00e9 vstupn\u00e9 do mas\u00e9rsk\u00e9ho sal\u00f3nu.\u0158\u00edk\u00e1 se, \u017ee po smrti ka\u017ed\u00e1 nesmrteln\u00e1 du\u0161e znovu pro\u017e\u00edv\u00e1 sv\u016fj \u017eivot a navazuje na n\u011bj v dal\u0161\u00ed inkarnaci a pr\u00e1v\u011b pro\u017eitky jsou to jedin\u00e9, co si odtud odn\u00e1\u0161\u00ed. Zanech\u00e1 po sob\u011b nejen sv\u00e9 hmotn\u00e9 t\u011blo, ale i prost\u0159ed\u00ed a samoz\u0159ejm\u011b sv\u016fj nahromad\u011bn\u00fd majetek. Moud\u0159\u00ed lid\u00e9 si to uv\u011bdomuj\u00ed a proto se tak\u00e9 podle tohoto kl\u00ed\u010de sna\u017e\u00ed \u017e\u00edt. Jist\u011b, \u017ee pot\u0159ebujeme auta, n\u00e1bytek, elektroniku a chladni\u010dky, ale nem\u011bli bychom na nich lp\u011bt a m\u011bli bychom je vyu\u017e\u00edvat pro skv\u011bl\u00fd du\u0161evn\u00ed pocit.V podobn\u00e9m duchu se to m\u016f\u017ee odv\u00edjet i ve vztahu k na\u0161emu zevn\u011bj\u0161ku. Jestli\u017ee pot\u0159ebujete zkr\u00e1tit vlasy a vytvo\u0159it sest\u0159ih, co v\u00e1m bude d\u011blat radost, bude to sv\u00fdm zp\u016fsobem z\u00e1\u017eitek, po kter\u00e9m tou\u017e\u00edte, a m\u016f\u017ee v\u00e1m jej do punt\u00edku vyplnit barber shop v Kladn\u011b. Zn\u00e1te to tam? Sal\u00f3n naleznete na konci \u2013 ve spodn\u00ed \u010d\u00e1sti p\u011b\u0161\u00ed z\u00f3ny na ulici T. G. Masaryka nad n\u00e1m\u011bst\u00edm Starosty Pavla a pr\u00e1v\u011b tam si m\u016f\u017eete vyplnit v\u00e1\u0161 skv\u011bl\u00fd z\u00e1\u017eitek nejen z pohledu na novou vlasovou faz\u00f3nu, ale i z pocitu v pr\u016fb\u011bhu profesion\u00e1ln\u00edho \u00fakonu.Barber se v\u00e1s bude dot\u00fdkat na vlasat\u00e9 \u010d\u00e1sti hlavy, co\u017e je samo o sob\u011b p\u0159\u00edjemn\u00e9, a bude-li vhodn\u00e1 p\u0159\u00edle\u017eitost, m\u016f\u017eete se spolu d\u00e1t do \u0159e\u010di t\u0159eba na t\u00e9ma, kam letos na dovolenou. Mo\u017en\u00e1 si vym\u011bn\u00edte zku\u0161enosti, kde jste byli naposledy, zda u mo\u0159e nebo na hor\u00e1ch, kde dob\u0159e va\u0159\u00ed, kde je solidn\u00ed ubytov\u00e1n\u00ed, kam nep\u00e1chne moc lid\u00ed a kde je klid. Z barber shopu v Kladn\u011b si zkr\u00e1tka m\u016f\u017eete odn\u00e9st v\u00edce pro\u017eitk\u016f a to za n\u00e1v\u0161t\u011bvu takov\u00e9ho sal\u00f3nu ur\u010dit\u011b stoj\u00ed.                                                                                                                                                                                                                                                                                                                                                                                          4.7\/5 - (3 votes)        "},{"@context":"https:\/\/schema.org\/","@type":"BreadcrumbList","itemListElement":[{"@type":"ListItem","position":1,"name":"Nechat se ost\u0159\u00edhat a je\u0161t\u011b se pobavit v barber shopu v Kladn\u011b","item":"https:\/\/www.1cory.cz\/nechat-se-ostrihat-a-jeste-se-pobavit-v-barber-shopu-v-kladne\/#breadcrumbitem"}]}]