[{"@context":"https:\/\/schema.org\/","@type":"Article","@id":"https:\/\/www.1cory.cz\/jak-se-oblect-na-svatbu\/#Article","mainEntityOfPage":"https:\/\/www.1cory.cz\/jak-se-oblect-na-svatbu\/","headline":"Jak se obl\u00e9ct na svatbu?","name":"Jak se obl\u00e9ct na svatbu?","description":"Svatba je velmi sv\u00e1te\u010dn\u00ed ud\u00e1lost, proto\u017ee je to mezn\u00edk v\u00a0\u017eivot\u011b a je (nebo m\u011blo by b\u00fdt) to d\u016fkaz l\u00e1sky, proto se tak\u00e9 lid\u00e9 berou. A jeliko\u017e se jedn\u00e1 o sv\u00e1te\u010dn\u00ed ud\u00e1lost, je t\u0159eba se podle toho obl\u00e9ct. Nem\u016f\u017eeme na svatbu p\u0159ij\u00edt v\u00a0tepl\u00e1c\u00edch ani ve d\u017e\u00edn\u00e1ch. Jsme svateb\u010dan\u00e9 a na n\u00e1s z\u00e1le\u017e\u00ed, jak cel\u00e1 svatba bude p\u016fsobit. Jsme takov\u00e1 ozdoba, vemte si, \u017ee novoman\u017eel\u00e9 zaplatili plno pen\u011bz za to, abychom se my mohli pod\u00edvat na to, \u017ee se miluj\u00ed, proto jim to mus\u00edme vr\u00e1tit nejen ve form\u011b svatebn\u00edho daru, kter\u00fd je rozhodn\u011b samoz\u0159ejmost\u00ed, ale i ve form\u011b toho, jak se budeme chovat a jak na svatb\u011b budeme vypadat. Podle na\u0161eho oble\u010den\u00ed tak\u00e9 novoman\u017eel\u00e9 poznaj\u00ed, jak je pro n\u00e1s jejich svatba d\u016fle\u017eit\u00e1 a jak se na celou v\u011bc d\u00edv\u00e1me. Proto nen\u00ed vhodn\u00e9 obl\u00e9ct se do n\u011bjak\u00fdch d\u017e\u00edn\u016f a v\u011b\u0159te nebo ne, i takov\u00ed lid\u00e9 existuj\u00ed a na\u0161e o\u010di toho byly n\u011bkolikr\u00e1t sv\u011bdkem. Tyto rady se t\u00fdkaj\u00ed nejen svateb\u010dan\u016f, ale tak\u00e9 t\u011bch, kte\u0159\u00ed jdou na svatbu pouze hr\u00e1t nebo ji moderovat, ale to snad ani nemus\u00edme zmi\u0148ovat. Zkr\u00e1tka v\u0161ichni, kte\u0159\u00ed na svatb\u011b jsou, mus\u00ed vypadat bo\u017esky. Te\u010f je \u010das na to, co bychom si m\u011bli tedy na svatbu obl\u00e9ci.\u00a0Nejprve mus\u00edte rozmyslet to, za jak\u00e9ho po\u010das\u00ed a kde svatba bude. V\u011bt\u0161inou se svatby d\u011blaj\u00ed za p\u0159\u00edzniv\u00e9ho po\u010das\u00ed n\u011bkdy od jara a\u017e na podzim, abyste si pr\u00e1v\u011b mohli obl\u00e9ci sv\u00e1te\u010dn\u00ed oble\u010den\u00ed a nebylo by zni\u010deno. Rozmyslete si, kde bude ob\u0159ad prob\u00edhat \u2013 jestli venku, nebo v\u00a0kostele \u010di v\u00a0jak\u00e9koliv jin\u00e9 budov\u011b. Pokud budete sed\u011bt venku a bude sv\u00edtit slunce, ur\u010dit\u011b nebude fajn si br\u00e1t \u0161aty, ve kter\u00fdch se upa\u0159\u00edte a u\u0161kva\u0159\u00edte za\u017eiva. Tak\u00e9 barvy vyb\u00edrejte s\u00a0rozvahou, proto\u017ee \u010dern\u00e9 \u0161aty se na svatbu zas moc nehod\u00ed a pozor, ani b\u00edl\u00e9 \u010di jak\u00e9koliv, kter\u00e9 by mohly strhnout pozornost z\u00a0nev\u011bsty. Tohle je jej\u00ed a \u017eenich\u016fv den, tak to nijak neka\u017ete, jinak u\u017e v\u00e1s nikdo nikdy nikam nepozve. Zvolte jednoduch\u00e9 \u0161aty na t\u011blo, nevolte ani nijak obrovskou sukni se spodni\u010dkou, op\u011bt by to mohlo strhnout pozornost. Volte nap\u0159\u00edklad kr\u00e9mov\u00e9 barvy \u010di sv\u011btlej\u0161\u00ed pudrov\u00e9 barvy. N\u011bkter\u00e9 \u017eeny uva\u017euj\u00ed o kost\u00fdmu, no, nen\u00ed to \u00fapln\u011b ide\u00e1ln\u00ed jako \u0161aty ale budi\u017e, n\u011bkte\u0159\u00ed vypadaj\u00ed i v\u00a0kalhotech dob\u0159e. Pokud m\u00e1te s\u00a0sebou p\u0159\u00edtele, sla\u010fte jeho kravatu \u010di mot\u00fdlka s\u00a0va\u0161imi \u0161aty. 3.7\/5 - (4 votes)","datePublished":"2021-08-29","dateModified":"2023-04-30","author":{"@type":"Person","@id":"https:\/\/www.1cory.cz\/author\/#Person","name":"","url":"https:\/\/www.1cory.cz\/author\/","identifier":1,"image":{"@type":"ImageObject","@id":"https:\/\/secure.gravatar.com\/avatar\/7b822bed19dfbc78d1cf42b3649cc2489d12c54b7aef64ae719c01ed9f13d563?s=96&d=mm&r=g","url":"https:\/\/secure.gravatar.com\/avatar\/7b822bed19dfbc78d1cf42b3649cc2489d12c54b7aef64ae719c01ed9f13d563?s=96&d=mm&r=g","height":96,"width":96}},"publisher":{"@type":"Organization","name":"1cory.cz","logo":{"@type":"ImageObject","@id":"\/logo.png","url":"\/logo.png","width":600,"height":60}},"image":{"@type":"ImageObject","@id":"https:\/\/www.1cory.cz\/wp-content\/uploads\/heart-gace121043_640.jpg","url":"https:\/\/www.1cory.cz\/wp-content\/uploads\/heart-gace121043_640.jpg","height":0,"width":0},"url":"https:\/\/www.1cory.cz\/jak-se-oblect-na-svatbu\/","about":["M\u00f3da\r"],"wordCount":490,"articleBody":"Svatba je velmi sv\u00e1te\u010dn\u00ed ud\u00e1lost, proto\u017ee je to mezn\u00edk v\u00a0\u017eivot\u011b a je (nebo m\u011blo by b\u00fdt) to d\u016fkaz l\u00e1sky, proto se tak\u00e9 lid\u00e9 berou. A jeliko\u017e se jedn\u00e1 o sv\u00e1te\u010dn\u00ed ud\u00e1lost, je t\u0159eba se podle toho obl\u00e9ct. Nem\u016f\u017eeme na svatbu p\u0159ij\u00edt v\u00a0tepl\u00e1c\u00edch ani ve d\u017e\u00edn\u00e1ch. Jsme svateb\u010dan\u00e9 a na n\u00e1s z\u00e1le\u017e\u00ed, jak cel\u00e1 svatba bude p\u016fsobit. Jsme takov\u00e1 ozdoba, vemte si, \u017ee novoman\u017eel\u00e9 zaplatili plno pen\u011bz za to, abychom se my mohli pod\u00edvat na to, \u017ee se miluj\u00ed, proto jim to mus\u00edme vr\u00e1tit nejen ve form\u011b svatebn\u00edho daru, kter\u00fd je rozhodn\u011b samoz\u0159ejmost\u00ed, ale i ve form\u011b toho, jak se budeme chovat a jak na svatb\u011b budeme vypadat. Podle na\u0161eho oble\u010den\u00ed tak\u00e9 novoman\u017eel\u00e9 poznaj\u00ed, jak je pro n\u00e1s jejich svatba d\u016fle\u017eit\u00e1 a jak se na celou v\u011bc d\u00edv\u00e1me. Proto nen\u00ed vhodn\u00e9 obl\u00e9ct se do n\u011bjak\u00fdch d\u017e\u00edn\u016f a v\u011b\u0159te nebo ne, i takov\u00ed lid\u00e9 existuj\u00ed a na\u0161e o\u010di toho byly n\u011bkolikr\u00e1t sv\u011bdkem. Tyto rady se t\u00fdkaj\u00ed nejen svateb\u010dan\u016f, ale tak\u00e9 t\u011bch, kte\u0159\u00ed jdou na svatbu pouze hr\u00e1t nebo ji moderovat, ale to snad ani nemus\u00edme zmi\u0148ovat. Zkr\u00e1tka v\u0161ichni, kte\u0159\u00ed na svatb\u011b jsou, mus\u00ed vypadat bo\u017esky. Te\u010f je \u010das na to, co bychom si m\u011bli tedy na svatbu obl\u00e9ci.\u00a0Nejprve mus\u00edte rozmyslet to, za jak\u00e9ho po\u010das\u00ed a kde svatba bude. V\u011bt\u0161inou se svatby d\u011blaj\u00ed za p\u0159\u00edzniv\u00e9ho po\u010das\u00ed n\u011bkdy od jara a\u017e na podzim, abyste si pr\u00e1v\u011b mohli obl\u00e9ci sv\u00e1te\u010dn\u00ed oble\u010den\u00ed a nebylo by zni\u010deno. Rozmyslete si, kde bude ob\u0159ad prob\u00edhat \u2013 jestli venku, nebo v\u00a0kostele \u010di v\u00a0jak\u00e9koliv jin\u00e9 budov\u011b. Pokud budete sed\u011bt venku a bude sv\u00edtit slunce, ur\u010dit\u011b nebude fajn si br\u00e1t \u0161aty, ve kter\u00fdch se upa\u0159\u00edte a u\u0161kva\u0159\u00edte za\u017eiva. Tak\u00e9 barvy vyb\u00edrejte s\u00a0rozvahou, proto\u017ee \u010dern\u00e9 \u0161aty se na svatbu zas moc nehod\u00ed a pozor, ani b\u00edl\u00e9 \u010di jak\u00e9koliv, kter\u00e9 by mohly strhnout pozornost z\u00a0nev\u011bsty. Tohle je jej\u00ed a \u017eenich\u016fv den, tak to nijak neka\u017ete, jinak u\u017e v\u00e1s nikdo nikdy nikam nepozve. Zvolte jednoduch\u00e9 \u0161aty na t\u011blo, nevolte ani nijak obrovskou sukni se spodni\u010dkou, op\u011bt by to mohlo strhnout pozornost. Volte nap\u0159\u00edklad kr\u00e9mov\u00e9 barvy \u010di sv\u011btlej\u0161\u00ed pudrov\u00e9 barvy. N\u011bkter\u00e9 \u017eeny uva\u017euj\u00ed o kost\u00fdmu, no, nen\u00ed to \u00fapln\u011b ide\u00e1ln\u00ed jako \u0161aty ale budi\u017e, n\u011bkte\u0159\u00ed vypadaj\u00ed i v\u00a0kalhotech dob\u0159e. Pokud m\u00e1te s\u00a0sebou p\u0159\u00edtele, sla\u010fte jeho kravatu \u010di mot\u00fdlka s\u00a0va\u0161imi \u0161aty.                                                                                                                                                                                                                                                                                                                                                                                         3.7\/5 - (4 votes)        "},{"@context":"https:\/\/schema.org\/","@type":"BreadcrumbList","itemListElement":[{"@type":"ListItem","position":1,"name":"Jak se obl\u00e9ct na svatbu?","item":"https:\/\/www.1cory.cz\/jak-se-oblect-na-svatbu\/#breadcrumbitem"}]}]